[{"command":"insert","method":"replaceWith","selector":"#filtered-grid-articles","data":"\u003Cdiv id=\u0022filtered-grid-articles\u0022 class=\u0022filtered-grid__articles with-featured\u0022\u003E\n      \u003Cdiv class=\u0022filtered-grid__featured-article\u0022\u003E\n      \n\u003Carticle class=\u0022featured-article\u0022\u003E\n  \n  \n\n  \u003Cdiv\u003E\n    \u003Cdiv class=\u0022featured-article--image\u0022\u003E\n        \u003Cdiv class=\u0022media media--image\u0022\u003E\n  \n        \u003Cimg loading=\u0022eager\u0022 srcset=\u0022\/sites\/default\/files\/styles\/4_3_sm\/public\/2026-03\/GettyImages-2259902079.jpg?h=790be497\u0026amp;itok=adu0nmyS 320w, \/sites\/default\/files\/styles\/4_3_md\/public\/2026-03\/GettyImages-2259902079.jpg?h=790be497\u0026amp;itok=vKu0wt-G 640w, \/sites\/default\/files\/styles\/4_3_lg\/public\/2026-03\/GettyImages-2259902079.jpg?h=790be497\u0026amp;itok=i3dooT7X 1280w, \/sites\/default\/files\/styles\/4_3_xl\/public\/2026-03\/GettyImages-2259902079.jpg?h=790be497\u0026amp;itok=AtnqwYgu 1920w\u0022 sizes=\u0022(min-width:1920px) 1920px, 100vw\u0022 width=\u0022320\u0022 height=\u0022240\u0022 src=\u0022\/sites\/default\/files\/styles\/4_3_sm\/public\/2026-03\/GettyImages-2259902079.jpg?h=790be497\u0026amp;itok=adu0nmyS\u0022 alt=\u0022Member of the Finnish parliament P\u00e4ivi R\u00e4s\u00e4nen testifies at the US Capitol on February 4, 2026, in Washington, DC. (Getty Images)\u0022 \/\u003E\n\n\n\n\n\u003C\/div\u003E\n\n\n    \u003C\/div\u003E\n    \u003Cdiv class=\u0022featured-article--content\u0022\u003E\n              \u003Cdiv class=\u0022featured-article--tag\u0022\u003E\n          \u003Ca href=\u0022\/religious-freedom\u0022 hreflang=\u0022en\u0022\u003EReligious Freedom\u003C\/a\u003E\n        \u003C\/div\u003E\n            \u003Cdiv class=\u0022featured-article--title\u0022\u003E\n        \u003Ca href=\u0022\/religious-freedom\/why-finlands-conviction-paivi-rasanen-reverberates-beyond-europe-paul-marshall\u0022\u003E\u003Cspan\u003EWhy Finland\u2019s Conviction of P\u00e4ivi R\u00e4s\u00e4nen Reverberates Beyond Europe\u003C\/span\u003E\n\u003C\/a\u003E\n      \u003C\/div\u003E\n            \u003Cdiv class=\u0022featured-article--author\u0022\u003E\n        \n      \n  \n                                    \n      \n                      \n\n\u003Cdiv class=\u0022expert-author\u0022\u003E\n      \u003Cdiv class=\u0022expert-author--images\u0022\u003E\n              \u003Cdiv class=\u0022expert-author--image\u0022\u003E\n                      \n\n\n            \u003Cdiv class=\u0022field field-eb-image\u0022\u003E\u003Cdiv class=\u0022media media--image\u0022\u003E\n  \n      \u003Cimg loading=\u0022lazy\u0022 src=\u0022\/sites\/default\/files\/styles\/large\/public\/experts\/profile\/472\/2014_0128_hudson_headshots_1028.jpg?h=2a479378\u0026amp;itok=3JyV_V8L\u0022 width=\u0022480\u0022 height=\u0022480\u0022 \/\u003E\n\n\n\n\n\u003C\/div\u003E\n\u003C\/div\u003E\n      \n                        \n  \u003Cdiv class=\u0022expert-author--drop expert-author--drop-wrapper\u0022\u003E\n    \u003Cdiv\u003E\n      \u003Cdiv class=\u0022expert-author--drop-image\u0022\u003E\n        \n\n\n            \u003Cdiv class=\u0022field field-eb-image\u0022\u003E\u003Cdiv class=\u0022media media--image\u0022\u003E\n  \n      \u003Cimg loading=\u0022lazy\u0022 src=\u0022\/sites\/default\/files\/styles\/large\/public\/experts\/profile\/472\/2014_0128_hudson_headshots_1028.jpg?h=2a479378\u0026amp;itok=3JyV_V8L\u0022 width=\u0022480\u0022 height=\u0022480\u0022 \/\u003E\n\n\n\n\n\u003C\/div\u003E\n\u003C\/div\u003E\n      \n      \u003C\/div\u003E\n      \u003Cdiv class=\u0022expert-author--drop-right\u0022\u003E\n        \u003Cdiv class=\u0022expert-author--drop-name\u0022\u003E\n          \u003Ca href=\u0022\/experts\/472-paul-marshall\u0022\u003EPaul Marshall\u003C\/a\u003E\n        \u003C\/div\u003E\n        \u003Cdiv class=\u0022expert-author--drop-position\u0022\u003E\n          Senior Fellow, Center for Religious Freedom\r\n\n        \u003C\/div\u003E\n      \u003C\/div\u003E\n    \u003C\/div\u003E\n  \u003C\/div\u003E\n\n        \u003C\/div\u003E\n                \u003C\/div\u003E\n    \u003Cdiv class=\u0022expert-author--content\u0022\u003E\n    \u003Cdiv class=\u0022expert-author--names\u0022\u003E\n      \u003Ca href=\u0022\/experts\/472-paul-marshall\u0022\u003EPaul Marshall\u003C\/a\u003E\n                    \u003Cdiv class=\u0022article-teaser--type article-teaser--type-author\u0022\u003E\n                      Commentary\n                  \u003C\/div\u003E\n          \u003C\/div\u003E\n      \u003C\/div\u003E\n\u003C\/div\u003E\n\n        \u003Cdiv class=\u0022research-card__meta\u0022\u003E\n                    \n\n\n            \u003Cdiv class=\u0022field field-content-type-tag\u0022\u003ECommentary\u003C\/div\u003E\n      \n                      \u003Cdiv class=\u0022research-card__reading-time\u0022\u003E\n                  6\n Min Read\n            \u003C\/div\u003E\n                  \u003C\/div\u003E\n      \u003C\/div\u003E\n    \u003C\/div\u003E\n  \u003C\/div\u003E\n\u003C\/article\u003E\n\n    \u003C\/div\u003E\n        \u003Cdiv class=\u0022filtered-grid__article\u0022\u003E\n      \u003Carticle\u003E\n  \n  \n\n  \u003Cdiv\u003E\n    \n\n\n\u003Cdiv class=\u0022research-card research-card--article\u0022\u003E\n  \u003Cdiv class=\u0022research-card__image \u0022\u003E\n            \u003Cdiv class=\u0022media media--image\u0022\u003E\n  \n        \u003Cimg loading=\u0022eager\u0022 srcset=\u0022\/sites\/default\/files\/styles\/16_9_sm\/public\/2026-04\/GettyImages-2212942622.jpg?h=0f7bd55f\u0026amp;itok=lERqfAFM 480w, \/sites\/default\/files\/styles\/16_9_md\/public\/2026-04\/GettyImages-2212942622.jpg?h=0f7bd55f\u0026amp;itok=TRd7dyKh 768w, \/sites\/default\/files\/styles\/16_9_lg\/public\/2026-04\/GettyImages-2212942622.jpg?h=0f7bd55f\u0026amp;itok=yagzBzWu 1024w, \/sites\/default\/files\/styles\/16_9_xl\/public\/2026-04\/GettyImages-2212942622.jpg?h=0f7bd55f\u0026amp;itok=GBMuAcKM 1920w\u0022 sizes=\u0022(min-width:1920px) 1920px, 100%\u0022 width=\u0022480\u0022 height=\u0022270\u0022 src=\u0022\/sites\/default\/files\/styles\/16_9_sm\/public\/2026-04\/GettyImages-2212942622.jpg?h=0f7bd55f\u0026amp;itok=lERqfAFM\u0022 alt=\u0022A partial view of the Reconciliation: The Peacekeeping Monument, honoring Canada\u0026#039;s peacekeeping efforts, and the Notre-Dame Cathedral Basilica in the background, in Ottawa, Ontario, Canada, on April 30, 2025. (Photo by Artur Widak\/NurPhoto via Getty Images)\u0022 \/\u003E\n\n\n\n\n  \u003Cdiv class=\u0022field field--name-field-caption field--type-string-long field--label-visually_hidden\u0022\u003E\n    \u003Cdiv class=\u0022visually-hidden\u0022\u003ECaption\u003C\/div\u003E\n                  \u003Cdiv\u003ECanada\u0026#039;s Peacekeeping Monument and the Notre-Dame Cathedral Basilica, in Ottawa, Ontario, Canada, on April 30, 2025. (Getty Images)\u003C\/div\u003E\n              \u003C\/div\u003E\n\n\u003C\/div\u003E\n\n\n              \u003Cdiv class=\u0022research-card__category\u0022\u003E\n        \n\u003Cbutton class=\u0022button button--tag\u0022\u003E\u003Cspan class=\u0022button--text\u0022\u003E\n  \u003Ca href=\u0022\/human-rights\u0022 hreflang=\u0022en\u0022\u003EHuman Rights\u003C\/a\u003E\n\u003C\/span\u003E\u003C\/button\u003E      \u003C\/div\u003E\n      \u003C\/div\u003E\n  \u003Cdiv class=\u0022research-card__content\u0022\u003E\n    \u003Cdiv class=\u0022research-card__category research-card__category--mobile\u0022\u003E\n      \n    \u003C\/div\u003E\n    \u003Cdiv class=\u0022research-card__title\u0022\u003E\n      \u003Ca href=\u0022\/human-rights\/who-best-protects-rights-paul-marshall\u0022\u003E\u003Cspan\u003EWho Best Protects Rights?\u003C\/span\u003E\n\u003C\/a\u003E\n    \u003C\/div\u003E\n                  \u003Cdiv class=\u0022research-card__author\u0022\u003E\n          \n      \n  \n                                    \n      \n                      \n\n\u003Cdiv class=\u0022expert-author\u0022\u003E\n      \u003Cdiv class=\u0022expert-author--images\u0022\u003E\n              \u003Cdiv class=\u0022expert-author--image\u0022\u003E\n                      \n\n\n            \u003Cdiv class=\u0022field field-eb-image\u0022\u003E\u003Cdiv class=\u0022media media--image\u0022\u003E\n  \n      \u003Cimg loading=\u0022lazy\u0022 src=\u0022\/sites\/default\/files\/styles\/large\/public\/experts\/profile\/472\/2014_0128_hudson_headshots_1028.jpg?h=2a479378\u0026amp;itok=3JyV_V8L\u0022 width=\u0022480\u0022 height=\u0022480\u0022 \/\u003E\n\n\n\n\n\u003C\/div\u003E\n\u003C\/div\u003E\n      \n                        \n  \u003Cdiv class=\u0022expert-author--drop expert-author--drop-wrapper\u0022\u003E\n    \u003Cdiv\u003E\n      \u003Cdiv class=\u0022expert-author--drop-image\u0022\u003E\n        \n\n\n            \u003Cdiv class=\u0022field field-eb-image\u0022\u003E\u003Cdiv class=\u0022media media--image\u0022\u003E\n  \n      \u003Cimg loading=\u0022lazy\u0022 src=\u0022\/sites\/default\/files\/styles\/large\/public\/experts\/profile\/472\/2014_0128_hudson_headshots_1028.jpg?h=2a479378\u0026amp;itok=3JyV_V8L\u0022 width=\u0022480\u0022 height=\u0022480\u0022 \/\u003E\n\n\n\n\n\u003C\/div\u003E\n\u003C\/div\u003E\n      \n      \u003C\/div\u003E\n      \u003Cdiv class=\u0022expert-author--drop-right\u0022\u003E\n        \u003Cdiv class=\u0022expert-author--drop-name\u0022\u003E\n          \u003Ca href=\u0022\/experts\/472-paul-marshall\u0022\u003EPaul Marshall\u003C\/a\u003E\n        \u003C\/div\u003E\n        \u003Cdiv class=\u0022expert-author--drop-position\u0022\u003E\n          Senior Fellow, Center for Religious Freedom\r\n\n        \u003C\/div\u003E\n      \u003C\/div\u003E\n    \u003C\/div\u003E\n  \u003C\/div\u003E\n\n        \u003C\/div\u003E\n                \u003C\/div\u003E\n    \u003Cdiv class=\u0022expert-author--content\u0022\u003E\n    \u003Cdiv class=\u0022expert-author--names\u0022\u003E\n      \u003Ca href=\u0022\/experts\/472-paul-marshall\u0022\u003EPaul Marshall\u003C\/a\u003E\n                    \u003Cdiv class=\u0022article-teaser--type article-teaser--type-author\u0022\u003E\n                      Commentary\n                  \u003C\/div\u003E\n          \u003C\/div\u003E\n      \u003C\/div\u003E\n\u003C\/div\u003E\n\n          \u003Cdiv class=\u0022research-card__meta\u0022\u003E\n                          \n\n\n            \u003Cdiv class=\u0022field field-date\u0022\u003E\u003Ctime datetime=\u00222026-04-27T12:00:00Z\u0022\u003EApr 27, 2026\u003C\/time\u003E\n\u003C\/div\u003E\n      \n                        \n\n\n            \u003Cdiv class=\u0022field field-content-type-tag\u0022\u003ECommentary\u003C\/div\u003E\n      \n                          \u003Cdiv class=\u0022research-card__reading-time\u0022\u003E\n                    9\n Min Read\n              \u003C\/div\u003E\n                      \u003C\/div\u003E\n        \u003C\/div\u003E\n            \u003C\/div\u003E\n\u003C\/div\u003E\n  \u003C\/div\u003E\n\u003C\/article\u003E\n\n    \u003C\/div\u003E\n      \u003Cdiv class=\u0022filtered-grid__article\u0022\u003E\n      \u003Carticle\u003E\n  \n  \n\n  \u003Cdiv\u003E\n    \n\n\n\u003Cdiv class=\u0022research-card research-card--article\u0022\u003E\n  \u003Cdiv class=\u0022research-card__image \u0022\u003E\n            \u003Cdiv class=\u0022media media--image\u0022\u003E\n  \n        \u003Cimg loading=\u0022eager\u0022 srcset=\u0022\/sites\/default\/files\/styles\/16_9_sm\/public\/2026-04\/GettyImages-2261209869.jpg?h=089985bb\u0026amp;itok=ZjUzVuCz 480w, \/sites\/default\/files\/styles\/16_9_md\/public\/2026-04\/GettyImages-2261209869.jpg?h=089985bb\u0026amp;itok=jGtbIKoS 768w, \/sites\/default\/files\/styles\/16_9_lg\/public\/2026-04\/GettyImages-2261209869.jpg?h=089985bb\u0026amp;itok=byXp8jDs 1024w, \/sites\/default\/files\/styles\/16_9_xl\/public\/2026-04\/GettyImages-2261209869.jpg?h=089985bb\u0026amp;itok=S-3Hq1Om 1920w\u0022 sizes=\u0022(min-width:1920px) 1920px, 100%\u0022 width=\u0022480\u0022 height=\u0022270\u0022 src=\u0022\/sites\/default\/files\/styles\/16_9_sm\/public\/2026-04\/GettyImages-2261209869.jpg?h=089985bb\u0026amp;itok=ZjUzVuCz\u0022 alt=\u0022 People gather in front of the Chinese Consulate General to protest the unjust conviction of media entrepreneur Jimmy Lai on February 14, 2026 in Los Angeles, California. Jimmy Lai is a Hong Kong media entrepreneur who has stood up for the freedom of the Press. He has been held since December 2, 2020 and was convicted for violating Beijing\u0026#039;s imposed National Security Law on Hong Kong, which was passed in June 30, 2020. The prosecution retroactively prosecuted him on his activities, which were done prior to \u0022 \/\u003E\n\n\n\n\n  \u003Cdiv class=\u0022field field--name-field-caption field--type-string-long field--label-visually_hidden\u0022\u003E\n    \u003Cdiv class=\u0022visually-hidden\u0022\u003ECaption\u003C\/div\u003E\n                  \u003Cdiv\u003E People gather in front of the Chinese Consulate General to protest the unjust conviction of Jimmy Lai on February 14, 2026, in Los Angeles, California. (Getty Images)\u003C\/div\u003E\n              \u003C\/div\u003E\n\n\u003C\/div\u003E\n\n\n              \u003Cdiv class=\u0022research-card__category\u0022\u003E\n        \n\u003Cbutton class=\u0022button button--tag\u0022\u003E\u003Cspan class=\u0022button--text\u0022\u003E\n  \u003Ca href=\u0022\/human-rights\u0022 hreflang=\u0022en\u0022\u003EHuman Rights\u003C\/a\u003E\n\u003C\/span\u003E\u003C\/button\u003E      \u003C\/div\u003E\n      \u003C\/div\u003E\n  \u003Cdiv class=\u0022research-card__content\u0022\u003E\n    \u003Cdiv class=\u0022research-card__category research-card__category--mobile\u0022\u003E\n      \n    \u003C\/div\u003E\n    \u003Cdiv class=\u0022research-card__title\u0022\u003E\n      \u003Ca href=\u0022\/why-trump-should-call-release-political-prisoners-negotiations-china-olivia-enos\u0022\u003E\u003Cspan\u003EWhy Trump Should Call for the Release of Political Prisoners in Negotiations with China \u003C\/span\u003E\n\u003C\/a\u003E\n    \u003C\/div\u003E\n                  \u003Cdiv class=\u0022research-card__author\u0022\u003E\n          \n      \n  \n                                    \n      \n                      \n\n\u003Cdiv class=\u0022expert-author\u0022\u003E\n      \u003Cdiv class=\u0022expert-author--images\u0022\u003E\n              \u003Cdiv class=\u0022expert-author--image\u0022\u003E\n                      \n\n\n            \u003Cdiv class=\u0022field field-eb-image\u0022\u003E\u003Cdiv class=\u0022media media--image\u0022\u003E\n  \n      \u003Cimg loading=\u0022lazy\u0022 src=\u0022\/sites\/default\/files\/styles\/large\/public\/2023-10\/2023%201006%20--%20Hudson%20Headshots%20--%201192%2016%209.jpg?h=7f359536\u0026amp;itok=d4pKTprG\u0022 width=\u0022480\u0022 height=\u0022480\u0022 alt=\u0022Olivia Enos\u0022 \/\u003E\n\n\n\n\n\u003C\/div\u003E\n\u003C\/div\u003E\n      \n                        \n  \u003Cdiv class=\u0022expert-author--drop expert-author--drop-wrapper\u0022\u003E\n    \u003Cdiv\u003E\n      \u003Cdiv class=\u0022expert-author--drop-image\u0022\u003E\n        \n\n\n            \u003Cdiv class=\u0022field field-eb-image\u0022\u003E\u003Cdiv class=\u0022media media--image\u0022\u003E\n  \n      \u003Cimg loading=\u0022lazy\u0022 src=\u0022\/sites\/default\/files\/styles\/large\/public\/2023-10\/2023%201006%20--%20Hudson%20Headshots%20--%201192%2016%209.jpg?h=7f359536\u0026amp;itok=d4pKTprG\u0022 width=\u0022480\u0022 height=\u0022480\u0022 alt=\u0022Olivia Enos\u0022 \/\u003E\n\n\n\n\n\u003C\/div\u003E\n\u003C\/div\u003E\n      \n      \u003C\/div\u003E\n      \u003Cdiv class=\u0022expert-author--drop-right\u0022\u003E\n        \u003Cdiv class=\u0022expert-author--drop-name\u0022\u003E\n          \u003Ca href=\u0022\/experts\/olivia-enos\u0022\u003EOlivia Enos\u003C\/a\u003E\n        \u003C\/div\u003E\n        \u003Cdiv class=\u0022expert-author--drop-position\u0022\u003E\n          Senior Fellow\r\n\n        \u003C\/div\u003E\n      \u003C\/div\u003E\n    \u003C\/div\u003E\n  \u003C\/div\u003E\n\n        \u003C\/div\u003E\n                \u003C\/div\u003E\n    \u003Cdiv class=\u0022expert-author--content\u0022\u003E\n    \u003Cdiv class=\u0022expert-author--names\u0022\u003E\n      \u003Ca href=\u0022\/experts\/olivia-enos\u0022\u003EOlivia Enos\u003C\/a\u003E\n                    \u003Cdiv class=\u0022article-teaser--type article-teaser--type-author\u0022\u003E\n                      Reports\n                  \u003C\/div\u003E\n          \u003C\/div\u003E\n      \u003C\/div\u003E\n\u003C\/div\u003E\n\n          \u003Cdiv class=\u0022research-card__meta\u0022\u003E\n                          \n\n\n            \u003Cdiv class=\u0022field field-date\u0022\u003E\u003Ctime datetime=\u00222026-04-23T12:00:00Z\u0022\u003EApr 23, 2026\u003C\/time\u003E\n\u003C\/div\u003E\n      \n                        \n\n\n            \u003Cdiv class=\u0022field field-content-type-tag\u0022\u003EReports\u003C\/div\u003E\n      \n                          \u003Cdiv class=\u0022research-card__reading-time\u0022\u003E\n                    Long Read\n              \u003C\/div\u003E\n                      \u003C\/div\u003E\n        \u003C\/div\u003E\n            \u003C\/div\u003E\n\u003C\/div\u003E\n  \u003C\/div\u003E\n\u003C\/article\u003E\n\n    \u003C\/div\u003E\n      \u003Cdiv class=\u0022filtered-grid__article\u0022\u003E\n      \u003Carticle\u003E\n  \n  \n\n  \u003Cdiv\u003E\n    \n\n\n\u003Cdiv class=\u0022research-card research-card--article\u0022\u003E\n  \u003Cdiv class=\u0022research-card__image \u0022\u003E\n            \u003Cdiv class=\u0022media media--image\u0022\u003E\n  \n        \u003Cimg loading=\u0022eager\u0022 srcset=\u0022\/sites\/default\/files\/styles\/16_9_sm\/public\/2026-04\/GettyImages-2267812573.jpg?h=28357400\u0026amp;itok=YbBxbj5A 480w, \/sites\/default\/files\/styles\/16_9_md\/public\/2026-04\/GettyImages-2267812573.jpg?h=28357400\u0026amp;itok=fcIUFlzM 768w, \/sites\/default\/files\/styles\/16_9_lg\/public\/2026-04\/GettyImages-2267812573.jpg?h=28357400\u0026amp;itok=u__iokRj 1024w, \/sites\/default\/files\/styles\/16_9_xl\/public\/2026-04\/GettyImages-2267812573.jpg?h=28357400\u0026amp;itok=-9XVRty_ 1920w\u0022 sizes=\u0022(min-width:1920px) 1920px, 100%\u0022 width=\u0022480\u0022 height=\u0022270\u0022 src=\u0022\/sites\/default\/files\/styles\/16_9_sm\/public\/2026-04\/GettyImages-2267812573.jpg?h=28357400\u0026amp;itok=YbBxbj5A\u0022 alt=\u0022Israeli prime minister Benjamin Netanyahu speaks to the media on March 22, 2026, in Dimona, Israel. (Getty Images)\u0022 \/\u003E\n\n\n\n\n  \u003Cdiv class=\u0022field field--name-field-caption field--type-string-long field--label-visually_hidden\u0022\u003E\n    \u003Cdiv class=\u0022visually-hidden\u0022\u003ECaption\u003C\/div\u003E\n                  \u003Cdiv\u003EIsraeli prime minister Benjamin Netanyahu speaks to the media on March 22, 2026, in Dimona, Israel. (Getty Images)\u003C\/div\u003E\n              \u003C\/div\u003E\n\n\u003C\/div\u003E\n\n\n              \u003Cdiv class=\u0022research-card__category\u0022\u003E\n        \n\u003Cbutton class=\u0022button button--tag\u0022\u003E\u003Cspan class=\u0022button--text\u0022\u003E\n  \u003Ca href=\u0022\/human-rights\u0022 hreflang=\u0022en\u0022\u003EHuman Rights\u003C\/a\u003E\n\u003C\/span\u003E\u003C\/button\u003E      \u003C\/div\u003E\n      \u003C\/div\u003E\n  \u003Cdiv class=\u0022research-card__content\u0022\u003E\n    \u003Cdiv class=\u0022research-card__category research-card__category--mobile\u0022\u003E\n      \n    \u003C\/div\u003E\n    \u003Cdiv class=\u0022research-card__title\u0022\u003E\n      \u003Ca href=\u0022\/human-rights\/information-warfare-freedom-expression-case-israel-war-gaza-tsiporah-fried\u0022\u003E\u003Cspan\u003E Information Warfare and Freedom of Expression: The Case of Israel and the War in Gaza\u003C\/span\u003E\n\u003C\/a\u003E\n    \u003C\/div\u003E\n                  \u003Cdiv class=\u0022research-card__author\u0022\u003E\n          \n      \n  \n                                    \n      \n                      \n\n\u003Cdiv class=\u0022expert-author\u0022\u003E\n      \u003Cdiv class=\u0022expert-author--images\u0022\u003E\n              \u003Cdiv class=\u0022expert-author--image\u0022\u003E\n                      \n\n\n            \u003Cdiv class=\u0022field field-eb-image\u0022\u003E\u003Cdiv class=\u0022media media--image\u0022\u003E\n  \n      \u003Cimg loading=\u0022lazy\u0022 src=\u0022\/sites\/default\/files\/styles\/large\/public\/2026-03\/fried.jpg?h=9588bc83\u0026amp;itok=U5deFD6K\u0022 width=\u0022480\u0022 height=\u0022480\u0022 alt=\u0022fried\u0022 \/\u003E\n\n\n\n\n\u003C\/div\u003E\n\u003C\/div\u003E\n      \n                        \n  \u003Cdiv class=\u0022expert-author--drop expert-author--drop-wrapper\u0022\u003E\n    \u003Cdiv\u003E\n      \u003Cdiv class=\u0022expert-author--drop-image\u0022\u003E\n        \n\n\n            \u003Cdiv class=\u0022field field-eb-image\u0022\u003E\u003Cdiv class=\u0022media media--image\u0022\u003E\n  \n      \u003Cimg loading=\u0022lazy\u0022 src=\u0022\/sites\/default\/files\/styles\/large\/public\/2026-03\/fried.jpg?h=9588bc83\u0026amp;itok=U5deFD6K\u0022 width=\u0022480\u0022 height=\u0022480\u0022 alt=\u0022fried\u0022 \/\u003E\n\n\n\n\n\u003C\/div\u003E\n\u003C\/div\u003E\n      \n      \u003C\/div\u003E\n      \u003Cdiv class=\u0022expert-author--drop-right\u0022\u003E\n        \u003Cdiv class=\u0022expert-author--drop-name\u0022\u003E\n          \u003Ca href=\u0022\/experts\/tsiporah-fried\u0022\u003ETsiporah Fried\u003C\/a\u003E\n        \u003C\/div\u003E\n        \u003Cdiv class=\u0022expert-author--drop-position\u0022\u003E\n          Visiting Senior Fellow\n        \u003C\/div\u003E\n      \u003C\/div\u003E\n    \u003C\/div\u003E\n  \u003C\/div\u003E\n\n        \u003C\/div\u003E\n                \u003C\/div\u003E\n    \u003Cdiv class=\u0022expert-author--content\u0022\u003E\n    \u003Cdiv class=\u0022expert-author--names\u0022\u003E\n      \u003Ca href=\u0022\/experts\/tsiporah-fried\u0022\u003ETsiporah Fried\u003C\/a\u003E\n                    \u003Cdiv class=\u0022article-teaser--type article-teaser--type-author\u0022\u003E\n                      Commentary\n                  \u003C\/div\u003E\n          \u003C\/div\u003E\n      \u003C\/div\u003E\n\u003C\/div\u003E\n\n          \u003Cdiv class=\u0022research-card__meta\u0022\u003E\n                          \n\n\n            \u003Cdiv class=\u0022field field-date\u0022\u003E\u003Ctime datetime=\u00222026-04-22T12:00:00Z\u0022\u003EApr 22, 2026\u003C\/time\u003E\n\u003C\/div\u003E\n      \n                        \n\n\n            \u003Cdiv class=\u0022field field-content-type-tag\u0022\u003ECommentary\u003C\/div\u003E\n      \n                          \u003Cdiv class=\u0022research-card__reading-time\u0022\u003E\n                    Long Read\n              \u003C\/div\u003E\n                      \u003C\/div\u003E\n        \u003C\/div\u003E\n            \u003C\/div\u003E\n\u003C\/div\u003E\n  \u003C\/div\u003E\n\u003C\/article\u003E\n\n    \u003C\/div\u003E\n      \u003Cdiv class=\u0022filtered-grid__article\u0022\u003E\n      \u003Carticle\u003E\n  \n  \n\n  \u003Cdiv\u003E\n    \n\n\n\u003Cdiv class=\u0022research-card research-card--article\u0022\u003E\n  \u003Cdiv class=\u0022research-card__image \u0022\u003E\n            \u003Cdiv class=\u0022media media--image\u0022\u003E\n  \n        \u003Cimg loading=\u0022eager\u0022 srcset=\u0022\/sites\/default\/files\/styles\/16_9_sm\/public\/2026-04\/GettyImages-1152108755.jpeg?h=f2d2013a\u0026amp;itok=P_HkJo0K 480w, \/sites\/default\/files\/styles\/16_9_md\/public\/2026-04\/GettyImages-1152108755.jpeg?h=f2d2013a\u0026amp;itok=6SX2gCDE 768w, \/sites\/default\/files\/styles\/16_9_lg\/public\/2026-04\/GettyImages-1152108755.jpeg?h=f2d2013a\u0026amp;itok=taUWAPRN 1024w, \/sites\/default\/files\/styles\/16_9_xl\/public\/2026-04\/GettyImages-1152108755.jpeg?h=f2d2013a\u0026amp;itok=CeeD4zFj 1920w\u0022 sizes=\u0022(min-width:1920px) 1920px, 100%\u0022 width=\u0022480\u0022 height=\u0022270\u0022 src=\u0022\/sites\/default\/files\/styles\/16_9_sm\/public\/2026-04\/GettyImages-1152108755.jpeg?h=f2d2013a\u0026amp;itok=P_HkJo0K\u0022 alt=\u0022This photo taken on May 31, 2019 shows watchtowers on a high-security facility near what is believed to be a re-education camp where mostly Muslim ethnic minorities are detained, on the outskirts of Hotan, in China\u0026#039;s northwestern Xinjiang region. - As many as one million ethnic Uighurs and other mostly Muslim minorities are believed to be held in a network of internment camps in Xinjiang, but China has not given any figures and describes the facilities as \u0026quot;vocational education centres\u0026quot; aimed at steering peo\u0022 \/\u003E\n\n\n\n\n  \u003Cdiv class=\u0022field field--name-field-caption field--type-string-long field--label-visually_hidden\u0022\u003E\n    \u003Cdiv class=\u0022visually-hidden\u0022\u003ECaption\u003C\/div\u003E\n                  \u003Cdiv\u003EWatchtowers are seen from a high-security facility near what is believed to be a re-education camp in northwest Xinjiang, China, on May 31, 2019. (Getty Images)\u003C\/div\u003E\n              \u003C\/div\u003E\n\n\u003C\/div\u003E\n\n\n              \u003Cdiv class=\u0022research-card__category\u0022\u003E\n        \n\u003Cbutton class=\u0022button button--tag\u0022\u003E\u003Cspan class=\u0022button--text\u0022\u003E\n  \u003Ca href=\u0022\/human-rights\u0022 hreflang=\u0022en\u0022\u003EHuman Rights\u003C\/a\u003E\n\u003C\/span\u003E\u003C\/button\u003E      \u003C\/div\u003E\n      \u003C\/div\u003E\n  \u003Cdiv class=\u0022research-card__content\u0022\u003E\n    \u003Cdiv class=\u0022research-card__category research-card__category--mobile\u0022\u003E\n      \n    \u003C\/div\u003E\n    \u003Cdiv class=\u0022research-card__title\u0022\u003E\n      \u003Ca href=\u0022\/human-rights\/new-book-examines-claims-state-directed-organ-harvesting-china-paul-marshall\u0022\u003E\u003Cspan\u003ENew Book Examines Claims of State-Directed Organ Harvesting in China\u003C\/span\u003E\n\u003C\/a\u003E\n    \u003C\/div\u003E\n                  \u003Cdiv class=\u0022research-card__author\u0022\u003E\n          \n      \n  \n                                    \n      \n                      \n\n\u003Cdiv class=\u0022expert-author\u0022\u003E\n      \u003Cdiv class=\u0022expert-author--images\u0022\u003E\n              \u003Cdiv class=\u0022expert-author--image\u0022\u003E\n                      \n\n\n            \u003Cdiv class=\u0022field field-eb-image\u0022\u003E\u003Cdiv class=\u0022media media--image\u0022\u003E\n  \n      \u003Cimg loading=\u0022lazy\u0022 src=\u0022\/sites\/default\/files\/styles\/large\/public\/experts\/profile\/472\/2014_0128_hudson_headshots_1028.jpg?h=2a479378\u0026amp;itok=3JyV_V8L\u0022 width=\u0022480\u0022 height=\u0022480\u0022 \/\u003E\n\n\n\n\n\u003C\/div\u003E\n\u003C\/div\u003E\n      \n                        \n  \u003Cdiv class=\u0022expert-author--drop expert-author--drop-wrapper\u0022\u003E\n    \u003Cdiv\u003E\n      \u003Cdiv class=\u0022expert-author--drop-image\u0022\u003E\n        \n\n\n            \u003Cdiv class=\u0022field field-eb-image\u0022\u003E\u003Cdiv class=\u0022media media--image\u0022\u003E\n  \n      \u003Cimg loading=\u0022lazy\u0022 src=\u0022\/sites\/default\/files\/styles\/large\/public\/experts\/profile\/472\/2014_0128_hudson_headshots_1028.jpg?h=2a479378\u0026amp;itok=3JyV_V8L\u0022 width=\u0022480\u0022 height=\u0022480\u0022 \/\u003E\n\n\n\n\n\u003C\/div\u003E\n\u003C\/div\u003E\n      \n      \u003C\/div\u003E\n      \u003Cdiv class=\u0022expert-author--drop-right\u0022\u003E\n        \u003Cdiv class=\u0022expert-author--drop-name\u0022\u003E\n          \u003Ca href=\u0022\/experts\/472-paul-marshall\u0022\u003EPaul Marshall\u003C\/a\u003E\n        \u003C\/div\u003E\n        \u003Cdiv class=\u0022expert-author--drop-position\u0022\u003E\n          Senior Fellow, Center for Religious Freedom\r\n\n        \u003C\/div\u003E\n      \u003C\/div\u003E\n    \u003C\/div\u003E\n  \u003C\/div\u003E\n\n        \u003C\/div\u003E\n                \u003C\/div\u003E\n    \u003Cdiv class=\u0022expert-author--content\u0022\u003E\n    \u003Cdiv class=\u0022expert-author--names\u0022\u003E\n      \u003Ca href=\u0022\/experts\/472-paul-marshall\u0022\u003EPaul Marshall\u003C\/a\u003E\n                    \u003Cdiv class=\u0022article-teaser--type article-teaser--type-author\u0022\u003E\n                      Commentary\n                  \u003C\/div\u003E\n          \u003C\/div\u003E\n      \u003C\/div\u003E\n\u003C\/div\u003E\n\n          \u003Cdiv class=\u0022research-card__meta\u0022\u003E\n                          \n\n\n            \u003Cdiv class=\u0022field field-date\u0022\u003E\u003Ctime datetime=\u00222026-04-21T12:00:00Z\u0022\u003EApr 21, 2026\u003C\/time\u003E\n\u003C\/div\u003E\n      \n                        \n\n\n            \u003Cdiv class=\u0022field field-content-type-tag\u0022\u003ECommentary\u003C\/div\u003E\n      \n                          \u003Cdiv class=\u0022research-card__reading-time\u0022\u003E\n                    4\n Min Read\n              \u003C\/div\u003E\n                      \u003C\/div\u003E\n        \u003C\/div\u003E\n            \u003C\/div\u003E\n\u003C\/div\u003E\n  \u003C\/div\u003E\n\u003C\/article\u003E\n\n    \u003C\/div\u003E\n  \u003C\/div\u003E\n","settings":null}]